{"id":251,"date":"2014-05-19T06:35:56","date_gmt":"2014-05-19T06:35:56","guid":{"rendered":"http:\/\/lamaisondantoinette.gr\/gr\/index.php\/2014\/05\/19\/formation-tv5-monde-a-la-maison-d-antoinette\/"},"modified":"2015-10-17T16:26:13","modified_gmt":"2015-10-17T13:26:13","slug":"formation-tv5-monde-a-la-maison-d-antoinette","status":"publish","type":"post","link":"https:\/\/lamaisondantoinette.gr\/gr\/formation-tv5-monde-a-la-maison-d-antoinette\/","title":{"rendered":"\u0395\u03a0\u0399\u039c\u039f\u03a1\u03a6\u03a9\u03a3\u0397 \u0393\u0399\u0391 \u039a\u0391\u0398\u0397\u0393\u0397\u03a4\u0395\u03a3 \u0393\u0391\u039b\u039b\u0399\u039a\u0397\u03a3"},"content":{"rendered":"<p><img fetchpriority=\"high\" decoding=\"async\" class=\" size-full wp-image-249\" style=\"width: 480px; height: 480px;\" src=\"https:\/\/lamaisondantoinette.gr\/gr\/wp-content\/uploads\/2014\/05\/Grce.jpeg\" alt=\"\" width=\"480\" height=\"480\" srcset=\"https:\/\/lamaisondantoinette.gr\/gr\/wp-content\/uploads\/2014\/05\/Grce.jpeg 480w, https:\/\/lamaisondantoinette.gr\/gr\/wp-content\/uploads\/2014\/05\/Grce-150x150.jpeg 150w, https:\/\/lamaisondantoinette.gr\/gr\/wp-content\/uploads\/2014\/05\/Grce-300x300.jpeg 300w\" sizes=\"(max-width: 480px) 100vw, 480px\" \/><\/p>\n<div>La Maison d&#8217;Antoinette accueille le vendredi 30 mai 2014 de 16h \u00e0 20h, une formation destin\u00e9e aux enseignants de FLE. Cette formation est organis\u00e9e en partenariat avec TV5MONDE, l&#8217;Institut fran\u00e7ais d\u2019Ath\u00e8nes et \u00c9milie Lehr et s&#8217;intitule \u00ab Enseigner avec le document audiovisuel et TV5MONDE \u00bb.<\/div>\n<div><\/div>\n<div>Pr\u00e9sentation de la formation<\/div>\n<div>Vous souhaitez enseigner avec des ressources audiovisuelles et diversifier vos supports de cours ? D\u00e9couvrir une p\u00e9dagogie innovante ?<\/div>\n<div><\/div>\n<div>\u00c0 c\u00f4t\u00e9 de ses \u00e9missions et de son site web g\u00e9n\u00e9raliste, TV5MONDE, c\u2019est aussi un dispositif multim\u00e9dia innovant d\u00e9di\u00e9 \u00e0 l\u2019enseignement-apprentissage du fran\u00e7ais. En un clic, les professeurs de FLE y d\u00e9couvrent des ressources p\u00e9dagogiques leur permettant d\u2019exploiter des documents audiovisuels et de diversifier leurs supports de cours et leurs pratiques de classe.<\/div>\n<div><\/div>\n<div>Parce qu\u2019il \u00e9veille la curiosit\u00e9 des \u00e9l\u00e8ves, les expose \u00e0 une langue actuelle et vivante, et donne \u00e0 voir des images qui les touchent, le document audiovisuel constitue un excellent support authentique et motivant. Il permet de dynamiser le cours de FLE, de stimuler toutes les comp\u00e9tences, et de faire entrer dans la classe des images de la France et de la francophonie.<\/div>\n<div><\/div>\n<div>Alors venez apprendre \u00e0 enseigner avec TV5MONDE !<\/div>\n<div><\/div>\n<div>Inscriptions<\/div>\n<div>La formation est gratuite, mais le nombre de participants est limit\u00e9 \u00e0 25, sous r\u00e9serve d&#8217;inscription.<\/div>\n<div><\/div>\n<div>Pour s&#8217;inscrire et trouver plus d&#8217;informations, rendez-vous sur le site de l&#8217;Institut fran\u00e7ais de Gr\u00e8ce : http:\/\/ifa.gr\/index.php\/fr\/langue-francaise\/dispositif-de-formation-continue-pour-les-professeurs-de-fr\/1567-formation-fle-l-enseigner-avec-le-document-audiovisuel-et-tv5-monde-r<\/div>\n<div><\/div>\n<div>et pour les \u00a0inscriptions, suivez le lien suivant: https:\/\/doodle.com\/3b6iebr8np5s72p4<\/div>\n<div><\/div>\n<p><img decoding=\"async\" class=\" size-full wp-image-250\" style=\"width: 554px; height: 827px;\" src=\"https:\/\/lamaisondantoinette.gr\/gr\/wp-content\/uploads\/2014\/05\/formation.jpg\" alt=\"\" width=\"554\" height=\"827\" srcset=\"https:\/\/lamaisondantoinette.gr\/gr\/wp-content\/uploads\/2014\/05\/formation.jpg 554w, https:\/\/lamaisondantoinette.gr\/gr\/wp-content\/uploads\/2014\/05\/formation-201x300.jpg 201w\" sizes=\"(max-width: 554px) 100vw, 554px\" \/><\/p>\n","protected":false},"excerpt":{"rendered":"<p>La Maison d&#8217;Antoinette accueille le vendredi 30 mai 2014 de 16h \u00e0 20h, une formation destin\u00e9e aux enseignants de FLE. Cette formation est organis\u00e9e en partenariat avec TV5MONDE, l&#8217;Institut fran\u00e7ais d\u2019Ath\u00e8nes et \u00c9milie Lehr et s&#8217;intitule \u00ab Enseigner avec le document audiovisuel et TV5MONDE \u00bb. Pr\u00e9sentation de la formation Vous souhaitez enseigner avec des ressources&#8230;<\/p>\n","protected":false},"author":1,"featured_media":249,"comment_status":"open","ping_status":"open","sticky":false,"template":"","format":"standard","meta":{"_price":"","_stock":"","_tribe_ticket_header":"","_tribe_default_ticket_provider":"","_tribe_ticket_capacity":"","_ticket_start_date":"","_ticket_end_date":"","_tribe_ticket_show_description":"","_tribe_ticket_show_not_going":false,"_tribe_ticket_use_global_stock":"","_tribe_ticket_global_stock_level":"","_global_stock_mode":"","_global_stock_cap":"","_tribe_rsvp_for_event":"","_tribe_ticket_going_count":"","_tribe_ticket_not_going_count":"","_tribe_tickets_list":"[]","_tribe_ticket_has_attendee_info_fields":false,"_EventAllDay":false,"_EventTimezone":"","_EventStartDate":"","_EventEndDate":"","_EventStartDateUTC":"","_EventEndDateUTC":"","_EventShowMap":false,"_EventShowMapLink":false,"_EventURL":"","_EventCost":"","_EventCostDescription":"","_EventCurrencySymbol":"","_EventCurrencyCode":"","_EventCurrencyPosition":"","_EventDateTimeSeparator":"","_EventTimeRangeSeparator":"","_EventOrganizerID":[],"_EventVenueID":[],"_OrganizerEmail":"","_OrganizerPhone":"","_OrganizerWebsite":"","_VenueAddress":"","_VenueCity":"","_VenueCountry":"","_VenueProvince":"","_VenueState":"","_VenueZip":"","_VenuePhone":"","_VenueURL":"","_VenueStateProvince":"","_VenueLat":"","_VenueLng":"","_VenueShowMap":false,"_VenueShowMapLink":false,"_kadence_starter_templates_imported_post":false,"_kad_post_transparent":"","_kad_post_title":"","_kad_post_layout":"","_kad_post_sidebar_id":"","_kad_post_content_style":"","_kad_post_vertical_padding":"","_kad_post_feature":"","_kad_post_feature_position":"","_kad_post_header":false,"_kad_post_footer":false,"_kad_post_classname":"","footnotes":""},"categories":[15],"tags":[],"class_list":["post-251","post","type-post","status-publish","format-standard","has-post-thumbnail","hentry","category-c33-2012-12-11-19-17-33"],"_links":{"self":[{"href":"https:\/\/lamaisondantoinette.gr\/gr\/wp-json\/wp\/v2\/posts\/251","targetHints":{"allow":["GET"]}}],"collection":[{"href":"https:\/\/lamaisondantoinette.gr\/gr\/wp-json\/wp\/v2\/posts"}],"about":[{"href":"https:\/\/lamaisondantoinette.gr\/gr\/wp-json\/wp\/v2\/types\/post"}],"author":[{"embeddable":true,"href":"https:\/\/lamaisondantoinette.gr\/gr\/wp-json\/wp\/v2\/users\/1"}],"replies":[{"embeddable":true,"href":"https:\/\/lamaisondantoinette.gr\/gr\/wp-json\/wp\/v2\/comments?post=251"}],"version-history":[{"count":1,"href":"https:\/\/lamaisondantoinette.gr\/gr\/wp-json\/wp\/v2\/posts\/251\/revisions"}],"predecessor-version":[{"id":463,"href":"https:\/\/lamaisondantoinette.gr\/gr\/wp-json\/wp\/v2\/posts\/251\/revisions\/463"}],"wp:featuredmedia":[{"embeddable":true,"href":"https:\/\/lamaisondantoinette.gr\/gr\/wp-json\/wp\/v2\/media\/249"}],"wp:attachment":[{"href":"https:\/\/lamaisondantoinette.gr\/gr\/wp-json\/wp\/v2\/media?parent=251"}],"wp:term":[{"taxonomy":"category","embeddable":true,"href":"https:\/\/lamaisondantoinette.gr\/gr\/wp-json\/wp\/v2\/categories?post=251"},{"taxonomy":"post_tag","embeddable":true,"href":"https:\/\/lamaisondantoinette.gr\/gr\/wp-json\/wp\/v2\/tags?post=251"}],"curies":[{"name":"wp","href":"https:\/\/api.w.org\/{rel}","templated":true}]}}